{"id":1847,"date":"2020-05-03T14:14:50","date_gmt":"2020-05-03T12:14:50","guid":{"rendered":"http:\/\/wordpress.ovaledeloire-amboise-rugby.fr\/?p=1847"},"modified":"2020-05-03T14:14:50","modified_gmt":"2020-05-03T12:14:50","slug":"communique-du-president-du-club-covid-19-01-05-2020","status":"publish","type":"post","link":"https:\/\/www.ovaledeloire-amboise-rugby.fr\/?p=1847","title":{"rendered":"Communiqu\u00e9 du Pr\u00e9sident du Club &#8211; Covid-19 &#8211; 01\/05\/2020"},"content":{"rendered":"<p><a href=\"http:\/\/wordpress.ovaledeloire-amboise-rugby.fr\/wp-content\/uploads\/2020\/05\/OvaleDeLoire.jpg\"><img loading=\"lazy\" class=\"wp-image-1851 alignleft\" src=\"http:\/\/wordpress.ovaledeloire-amboise-rugby.fr\/wp-content\/uploads\/2020\/05\/OvaleDeLoire-212x300.jpg\" alt=\"\" width=\"103\" height=\"146\" \/><\/a><\/p>\n<p>&nbsp;<\/p>\n<p>Lussault-sur-Loire le 1er mai 2020<\/p>\n<p>&nbsp;<\/p>\n<p>&nbsp;<\/p>\n<p>Ch\u00e8re Ovaliennes,\u00a0Chers Ovaliens,<\/p>\n<p>Tout d\u2019abord, et face \u00e0 la situation que nous vivons toutes et tous depuis plusieurs semaines, j\u2019esp\u00e8re que vous et vos proches vous portez bien.<\/p>\n<p>La p\u00e9riode de confinement que nous traversons marquera nos vies, notre discipline et notre club pour longtemps.<\/p>\n<p>Le pr\u00e9sident de la FFR, suivant les d\u00e9clarations du pr\u00e9sident de la r\u00e9publique et du gouvernement, nous avait confirm\u00e9 l\u2019annulation des comp\u00e9titions amateurs pour cette fin de saison et des rencontres jusqu\u2019au 11 mai.<\/p>\n<p>Lors de son allocution du 28 avril dernier, \u00e0 l\u2019assembl\u00e9e nationale, le premier ministre fut clair et sans \u00e9quivoque. \u00ab\u00a0Les sports de contacts et les sports collectifs ne rependront pas avant ao\u00fbt 2020\u00a0\u00bb.<\/p>\n<p>C\u2019est donc, certes avec une pointe de frustration sportive, mais avec le souci de la s\u00e9curit\u00e9 et de la sant\u00e9 de chaque joueurs et joueuses, b\u00e9n\u00e9voles, partenaires et supporters, que nous devons nous r\u00e9signer \u00e0 la fin de la saison 2019\/2020.<\/p>\n<p>Les championnats \u00e0 7 n\u2019auront pas lieux pour les jeunes et les seniors\u00a0; les tournois de fin de saison sont annul\u00e9s pour nos petits Ovaliens de l\u2019EDR et nous ne pourrons pas nous rassembler comme chaque ann\u00e9e pour la f\u00eate du club. L\u2019assembl\u00e9e g\u00e9n\u00e9rale est report\u00e9e au mois de septembre 2020.<\/p>\n<p>Je reste, et je suis persuad\u00e9 qu\u2019il en est de m\u00eame pour vous, mobilis\u00e9, motiv\u00e9 et d\u00e9termin\u00e9 \u00e0 faire vivre et revivre l\u2019Ovale de Loire, \u00e0 vous permettre de pratiquer et de faire vibrer votre passion, malgr\u00e9 les \u00e9preuves que nous subissons, que nous traversons.<\/p>\n<p>Je tenais \u00e9galement \u00e0 vous remercier toutes et tous, joueurs et joueuses, b\u00e9n\u00e9voles, partenaires et supporters, pour votre engagement et votre ferveur tout au long de cette saison.<\/p>\n<p>Tournons-nous d\u00e8s maintenant vers la saison 2020\/2021. L\u2019ensembles des dirigeants et encadrants sont d\u00e9j\u00e0 \u00e0 pied d\u2019\u0153uvre pour la pr\u00e9paration de la prochaine saison, qui s\u2019annonce difficile, mais au combien palpitante par ce d\u00e9fi \u00e0 relever\u00a0; avec la perspective de nous retrouver sur et autour des terrains, crampons aux pieds, la voie claire, le rouge et le jaune chevill\u00e9s aux corps, volontaires et solidaires.<\/p>\n<p>Petits, jeunes et moins jeunes, \u00e0 tr\u00e8s bient\u00f4t pour de nouveaux challenges, de nouvelles aventures Ovaliennes.<\/p>\n<p>Fiers d\u2019\u00eatre Ovaliens.<\/p>\n<p>&nbsp;<\/p>\n<p style=\"text-align: center; padding-left: 480px;\"><strong>Cyril LEBOURL\u00c8S<\/strong><\/p>\n<p style=\"text-align: center; padding-left: 520px;\"><strong>Pr\u00e9sident de l&#8217;Ovale de Loire Amboise Rugby<\/strong><\/p>\n<p><strong>\u00a0\u00a0\u00a0\u00a0\u00a0\u00a0\u00a0\u00a0\u00a0\u00a0\u00a0\u00a0\u00a0\u00a0\u00a0\u00a0\u00a0\u00a0\u00a0\u00a0\u00a0\u00a0\u00a0\u00a0\u00a0\u00a0\u00a0\u00a0\u00a0\u00a0\u00a0\u00a0\u00a0\u00a0\u00a0\u00a0\u00a0\u00a0\u00a0\u00a0\u00a0\u00a0\u00a0\u00a0\u00a0\u00a0\u00a0\u00a0\u00a0\u00a0\u00a0\u00a0\u00a0\u00a0\u00a0\u00a0\u00a0\u00a0\u00a0\u00a0\u00a0\u00a0\u00a0\u00a0\u00a0\u00a0\u00a0\u00a0\u00a0\u00a0\u00a0\u00a0\u00a0\u00a0\u00a0\u00a0\u00a0\u00a0\u00a0\u00a0\u00a0\u00a0\u00a0\u00a0\u00a0\u00a0\u00a0\u00a0\u00a0\u00a0\u00a0\u00a0\u00a0\u00a0\u00a0\u00a0\u00a0\u00a0\u00a0\u00a0\u00a0\u00a0\u00a0\u00a0\u00a0\u00a0 <\/strong><\/p>\n","protected":false},"excerpt":{"rendered":"<p>&nbsp; Lussault-sur-Loire le 1er mai 2020 &nbsp; &nbsp; Ch\u00e8re Ovaliennes,\u00a0Chers Ovaliens, Tout d\u2019abord, et face \u00e0 la situation que nous vivons toutes et tous depuis plusieurs semaines, j\u2019esp\u00e8re que vous et vos proches vous portez bien. La p\u00e9riode de confinement que nous traversons marquera nos vies, notre discipline et notre club pour longtemps. Le pr\u00e9sident [&hellip;]<\/p>\n","protected":false},"author":1,"featured_media":0,"comment_status":"closed","ping_status":"closed","sticky":false,"template":"","format":"standard","meta":[],"categories":[5],"tags":[],"_links":{"self":[{"href":"https:\/\/www.ovaledeloire-amboise-rugby.fr\/index.php?rest_route=\/wp\/v2\/posts\/1847"}],"collection":[{"href":"https:\/\/www.ovaledeloire-amboise-rugby.fr\/index.php?rest_route=\/wp\/v2\/posts"}],"about":[{"href":"https:\/\/www.ovaledeloire-amboise-rugby.fr\/index.php?rest_route=\/wp\/v2\/types\/post"}],"author":[{"embeddable":true,"href":"https:\/\/www.ovaledeloire-amboise-rugby.fr\/index.php?rest_route=\/wp\/v2\/users\/1"}],"replies":[{"embeddable":true,"href":"https:\/\/www.ovaledeloire-amboise-rugby.fr\/index.php?rest_route=%2Fwp%2Fv2%2Fcomments&post=1847"}],"version-history":[{"count":0,"href":"https:\/\/www.ovaledeloire-amboise-rugby.fr\/index.php?rest_route=\/wp\/v2\/posts\/1847\/revisions"}],"wp:attachment":[{"href":"https:\/\/www.ovaledeloire-amboise-rugby.fr\/index.php?rest_route=%2Fwp%2Fv2%2Fmedia&parent=1847"}],"wp:term":[{"taxonomy":"category","embeddable":true,"href":"https:\/\/www.ovaledeloire-amboise-rugby.fr\/index.php?rest_route=%2Fwp%2Fv2%2Fcategories&post=1847"},{"taxonomy":"post_tag","embeddable":true,"href":"https:\/\/www.ovaledeloire-amboise-rugby.fr\/index.php?rest_route=%2Fwp%2Fv2%2Ftags&post=1847"}],"curies":[{"name":"wp","href":"https:\/\/api.w.org\/{rel}","templated":true}]}}